{"id":6145,"date":"2019-07-05T13:17:32","date_gmt":"2019-07-05T11:17:32","guid":{"rendered":"https:\/\/medialua.es\/?p=6145"},"modified":"2019-07-05T13:28:22","modified_gmt":"2019-07-05T11:28:22","slug":"xxx-feria-nacional-de-oficios-artesanos","status":"publish","type":"post","link":"https:\/\/medialua.es\/en\/xxx-feria-nacional-de-oficios-artesanos\/","title":{"rendered":"XXX FERIA NACIONAL DE OFICIOS ARTESANOS"},"content":{"rendered":"\n<p>Puedes encontrar nuestros art\u00edculos en la Feria de Artesan\u00eda de Burgos que se celebrar\u00e1 del <strong>12<\/strong> (por la tarde) <strong>al 21 de Julio de 2019 <\/strong>en el Paseo del&nbsp; Espol\u00f3n. <\/p>\n\n\n\n<p>El horario de apertura al p\u00fablico ser\u00e1 de <strong>11:00 a 14:30 horas<\/strong> y de <strong>18:00 a 22:00 horas<\/strong>.<\/p>\n\n\n\n<p>An\u00edmate!! Encontrar\u00e1s una gran variedad de productos, incluidos las nuevas colecciones.<\/p>\n","protected":false},"excerpt":{"rendered":"<p>Puedes encontrar nuestros art\u00edculos en la Feria de Artesan\u00eda de Burgos que se celebrar\u00e1 del 12 (por la tarde) al 21 de Julio de 2019 en el Paseo del&nbsp; Espol\u00f3n. El horario de apertura al p\u00fablico ser\u00e1 de 11:00 a 14:30 horas y de 18:00 a 22:00 horas. An\u00edmate!! Encontrar\u00e1s una gran variedad de productos, [&hellip;]<\/p>\n","protected":false},"author":4,"featured_media":0,"comment_status":"closed","ping_status":"closed","sticky":false,"template":"","format":"standard","meta":{"ghostkit_customizer_options":"","ghostkit_custom_css":"","ghostkit_custom_js_head":"","ghostkit_custom_js_foot":"","ghostkit_typography":"","footnotes":""},"categories":[41],"tags":[],"class_list":["post-6145","post","type-post","status-publish","format-standard","hentry","category-news"],"aioseo_notices":[],"_links":{"self":[{"href":"https:\/\/medialua.es\/en\/wp-json\/wp\/v2\/posts\/6145","targetHints":{"allow":["GET"]}}],"collection":[{"href":"https:\/\/medialua.es\/en\/wp-json\/wp\/v2\/posts"}],"about":[{"href":"https:\/\/medialua.es\/en\/wp-json\/wp\/v2\/types\/post"}],"author":[{"embeddable":true,"href":"https:\/\/medialua.es\/en\/wp-json\/wp\/v2\/users\/4"}],"replies":[{"embeddable":true,"href":"https:\/\/medialua.es\/en\/wp-json\/wp\/v2\/comments?post=6145"}],"version-history":[{"count":4,"href":"https:\/\/medialua.es\/en\/wp-json\/wp\/v2\/posts\/6145\/revisions"}],"predecessor-version":[{"id":6151,"href":"https:\/\/medialua.es\/en\/wp-json\/wp\/v2\/posts\/6145\/revisions\/6151"}],"wp:attachment":[{"href":"https:\/\/medialua.es\/en\/wp-json\/wp\/v2\/media?parent=6145"}],"wp:term":[{"taxonomy":"category","embeddable":true,"href":"https:\/\/medialua.es\/en\/wp-json\/wp\/v2\/categories?post=6145"},{"taxonomy":"post_tag","embeddable":true,"href":"https:\/\/medialua.es\/en\/wp-json\/wp\/v2\/tags?post=6145"}],"curies":[{"name":"wp","href":"https:\/\/api.w.org\/{rel}","templated":true}]}}